{"id":1133,"date":"2021-07-03T10:34:49","date_gmt":"2021-07-03T09:34:49","guid":{"rendered":"http:\/\/theatralis.org\/?p=1133"},"modified":"2021-07-18T12:34:11","modified_gmt":"2021-07-18T11:34:11","slug":"atelier-theatre-ados-franco-portugais","status":"publish","type":"post","link":"http:\/\/theatralis.org\/?p=1133","title":{"rendered":"Atelier Th\u00e9\u00e2tre Ados Franco Portugais"},"content":{"rendered":"\n<p><\/p>\n\n\n\n<p>Programme de l&rsquo;atelier d&rsquo;\u00e9t\u00e9 ados de l&rsquo;association\nTheatralis&nbsp;<\/p>\n\n\n\n<p>&nbsp;Semaine du 24 au 28 ao\u00fbt 2021<\/p>\n\n\n\n<p>Lieu:  Escola de actores In Impetus &#8211; Lisboa <\/p>\n\n\n\n<p> n\u00ba, R. de Campolide 27A, 1070-026 Lisboa <\/p>\n\n\n\n<figure><iframe src=\"https:\/\/www.google.com\/maps\/embed?pb=!1m14!1m8!1m3!1d12450.573569651655!2d-9.1626163!3d38.7259956!3m2!1i1024!2i768!4f13.1!3m3!1m2!1s0x0%3A0xdbe8786ae3e2944b!2sIn%20Impetus!5e0!3m2!1sfr!2spt!4v1626607721017!5m2!1sfr!2spt\" allowfullscreen=\"\" width=\"300\" height=\"225\"><\/iframe><\/figure>\n\n\n\n<p>L&rsquo;atelier sera anim\u00e9 par Jean- Denis Monory, acteur et metteur en sc\u00e8ne et Agn\u00e8s Lacroix, professeur de fran\u00e7ais. Il est destin\u00e9 aux adolescents de 14 \u00e0 18\nans souhaitant vivre une semaine d&rsquo;expression th\u00e9\u00e2trale en dominante langue\nfran\u00e7aise.<\/p>\n\n\n\n<p>L&rsquo;objectif de l&rsquo;atelier :&nbsp;<\/p>\n\n\n\n<ul><li>Permettre aux adolescents de s&rsquo;exprimer librement      \u00e0 travers le corps, la voix et leurs \u00e9motions, de se d\u00e9couvrir, d\u2019explorer      leur rapport \u00e0 l&rsquo;autre : spectateur et partenaires de jeu.\u00a0<\/li><li>Exp\u00e9rimenter plusieurs formes th\u00e9\u00e2trales et      sc\u00e9niques (masques, clown, improvisations, extraits de pi\u00e8ces de th\u00e9\u00e2tre      du 17\u00e8me si\u00e8cle \u00e0 nos jours\u2026) et acqu\u00e9rir des connaissances de base sur      les diff\u00e9rents \u00e9l\u00e9ments d&rsquo;une cr\u00e9ation de l&rsquo;art vivant ( sc\u00e8nes,      \u00e9clairages, techniques, costumes, sc\u00e9nographies\u2026).\u00a0<\/li><li>Immersion dans l&rsquo;univers du th\u00e9\u00e2tre au travers      d\u2019une exp\u00e9rience commune de cr\u00e9ation, d&rsquo;\u00e9coute, de partage, de      convivialit\u00e9, dans un cadre professionnel (\u00e9quipe de formation et lieu de travail : Teatro In Impetus).\u00a0<\/li><\/ul>\n\n\n\n<p>Horaire : Les activit\u00e9s se d\u00e9rouleront de 10h \u00e0 13h et de 14h \u00e0 16h tous les jours de la\nsemaine. Le th\u00e9\u00e2tre est situ\u00e9 dans un quartier avec de nombreuses possibilit\u00e9s\npour d\u00e9jeuner.&nbsp;<\/p>\n\n\n\n<p>Tarif (25 h de stage) : 185 euros<\/p>\n\n\n\n<p>R\u00e9f\u00e9rences bancaires de l\u2019association Theatralis pour finaliser\nl&rsquo;inscription (n&rsquo;oubliez pas de pr\u00e9ciser le nom de votre enfant si diff\u00e9rent du\nv\u00f4tre): PT50-0033-0000-45575330012-05<\/p>\n\n\n\n<p><\/p>\n\n\n\n<p style=\"text-align:center\"><strong>Programme<\/strong><\/p>\n\n\n\n<table class=\"wp-block-table aligncenter is-style-regular\"><tbody><tr><td>\n  Lundi\n  <\/td><td>\n  Mardi\n  <\/td><td>\n  Mercredi\n  <\/td><td>\n  Jeudi\n  <\/td><td>\n  Vendredi\n  <\/td><\/tr><tr><td>\n  10h&nbsp;\n  Accueil&nbsp;\n  Pr\u00e9sentation de la semaine&nbsp;\n  Pr\u00e9sentations de chacun&nbsp;\n  D\u00e9couverte de la sc\u00e8ne et du th\u00e9\u00e2tre\n  &nbsp;\n  11h\n  \u00c9chauffements corps et voix\n  avec musique \/Coordination&nbsp; en groupe \/ Chor\u00e9graphie.&nbsp;\n  &nbsp;\n  12h&nbsp;\n  Bouger sur sc\u00e8ne.\n  Exercices de confiance en soi, en l&rsquo;autre, \u00e9coute, synchronisation\n  <\/td><td>\n  10h&nbsp;\n  \u00c9chauffements corps et voix\n  <br>\n  <br>\n  <br>\n  <br>\n  \n  10h30\n  Improvisations\n  <br>\n  <br>\n  <br>\n  \n  12h&nbsp;\n  Les m\u00e9tiers du th\u00e9\u00e2tre ( professions et leurs r\u00f4les dans la cr\u00e9ation\n  techniques, lexiques\u2026)&nbsp;\n  <\/td><td>\n  10h&nbsp;\n  \u00c9chauffements corps et voix\n  &nbsp;\n  10h30\n  Distribution textes \/ Lecture collective\n  Compr\u00e9hension du vocabulaire et des situations et enjeux des\n  sc\u00e8nes.&nbsp;\n  &nbsp;\n  Qu&rsquo;est ce que le \u00ab\u00a0personnage\u00a0\u00bb ?&nbsp;\n  Questions sur le style de jeu \u00e0 adopter.&nbsp;\n  &nbsp;\n  Les choix de mise en sc\u00e8ne (style, adaptations,sc\u00e9nographie, lumi\u00e8re,\n  costumes, maquillage\u2026)&nbsp;\n  <\/td><td>\n  10h&nbsp;\n  \u00c9chauffements corps et voix \/ diction&nbsp;\n  &nbsp;\n  10h30\n  Situations et interpr\u00e9tations : outils, exercices pour chercher son\n  personnage, et l&rsquo;intention.&nbsp;\n  <br>\n  <br>\n  \n  11h30\n  Travail sur les textes individuel\/ groupe :&nbsp;\n  Personnages\n  Situations dramatiques\n  Intentions&nbsp;\n  Choix du style&nbsp;\n  <\/td><td>\n  10h&nbsp;\n  Concentration, relaxation&nbsp;\n  \u00c9chauffements corps et voix en musique&nbsp;\n  <br>\n  <br>\n  <br>\n  \n  11h\n  Pr\u00e9paration de la pr\u00e9sentation de notre travail de l&rsquo;apr\u00e8s-midi.&nbsp;\n  Filage\n  Costumes, d\u00e9cors ( apports personnels des \u00e9l\u00e8ves et des\n  professeurs)&nbsp;\n  Son et lumi\u00e8res\n  <\/td><\/tr><tr><td>\n  14h\n  Concentration \/ respiration\n  &nbsp;\n  14h30&nbsp;\n  Jeux de pr\u00e9sentation\n  Exercices pour d\u00e9velopper la conscience de \u00ab\u00a0la pr\u00e9sence\u00a0\u00bb\n  sc\u00e9nique : savoir regarder l&rsquo;autre, le public, et apprendre \u00e0 se laisser\n  voir, entendre : respiration,&nbsp;\n  d\u00e9tente, prise de parole, regards\n  <\/td><td>\n  14h&nbsp;&nbsp;\n  &nbsp;Respiration \/ Voix \/ Expression&nbsp;\n  &nbsp;\n  14h30\n  D\u00e9couverte de quelques univers th\u00e9\u00e2traux ( clown, masque neutre, masque\n  Commedia dell\u2019arte).&nbsp;\n  Improvisations\n  <\/td><td>\n  14h&nbsp;\n  Chor\u00e9graphie \u00e9motionnelle&nbsp;\n  &nbsp;\n  14h30\n  Travail sur les textes individuel \/ et groupe\n  Mise en sc\u00e8ne d&rsquo;extraits\n  <\/td><td>\n  14h\n  Chor\u00e9graphie du geste et de l&rsquo;\u00e9motion&nbsp;\n  &nbsp;\n  14h30\n  Travail sur les sc\u00e8nes :&nbsp;\n  -Voix, diction, personnages, sentiments, interaction avec le partenaire\n  et le public&nbsp;\n  -Travail de mise en sc\u00e8ne\n  <\/td><td>\n  14h\n  Pr\u00e9paration du spectacle&nbsp;\n  &nbsp;\n  14h30\n  Pr\u00e9sentation sur sc\u00e8ne du travail de la semaine&nbsp;\n  (en fonction des directives sanitaires)&nbsp;\n  &nbsp;\n  15h30\n  Bilan, \u00e9change et ressentis\n  <\/td><\/tr><\/tbody><\/table>\n","protected":false},"excerpt":{"rendered":"<p>Programme de l&rsquo;atelier d&rsquo;\u00e9t\u00e9 ados de l&rsquo;association Theatralis&nbsp; &nbsp;Semaine du 24 au 28 ao\u00fbt 2021 Lieu: Escola de actores In Impetus &#8211; Lisboa n\u00ba, R. de Campolide 27A, 1070-026 Lisboa L&rsquo;atelier sera anim\u00e9 par Jean- Denis Monory, acteur et metteur en sc\u00e8ne et Agn\u00e8s Lacroix, professeur de fran\u00e7ais. Il est destin\u00e9 aux adolescents de 14&hellip;<\/p>\n","protected":false},"author":1,"featured_media":0,"comment_status":"open","ping_status":"open","sticky":false,"template":"","format":"standard","meta":[],"categories":[1],"tags":[],"acf":[],"jetpack_featured_media_url":"","_links":{"self":[{"href":"http:\/\/theatralis.org\/index.php?rest_route=\/wp\/v2\/posts\/1133"}],"collection":[{"href":"http:\/\/theatralis.org\/index.php?rest_route=\/wp\/v2\/posts"}],"about":[{"href":"http:\/\/theatralis.org\/index.php?rest_route=\/wp\/v2\/types\/post"}],"author":[{"embeddable":true,"href":"http:\/\/theatralis.org\/index.php?rest_route=\/wp\/v2\/users\/1"}],"replies":[{"embeddable":true,"href":"http:\/\/theatralis.org\/index.php?rest_route=%2Fwp%2Fv2%2Fcomments&post=1133"}],"version-history":[{"count":7,"href":"http:\/\/theatralis.org\/index.php?rest_route=\/wp\/v2\/posts\/1133\/revisions"}],"predecessor-version":[{"id":1146,"href":"http:\/\/theatralis.org\/index.php?rest_route=\/wp\/v2\/posts\/1133\/revisions\/1146"}],"wp:attachment":[{"href":"http:\/\/theatralis.org\/index.php?rest_route=%2Fwp%2Fv2%2Fmedia&parent=1133"}],"wp:term":[{"taxonomy":"category","embeddable":true,"href":"http:\/\/theatralis.org\/index.php?rest_route=%2Fwp%2Fv2%2Fcategories&post=1133"},{"taxonomy":"post_tag","embeddable":true,"href":"http:\/\/theatralis.org\/index.php?rest_route=%2Fwp%2Fv2%2Ftags&post=1133"}],"curies":[{"name":"wp","href":"https:\/\/api.w.org\/{rel}","templated":true}]}}