{"id":1148,"date":"2021-09-11T12:31:53","date_gmt":"2021-09-11T11:31:53","guid":{"rendered":"http:\/\/theatralis.org\/?p=1148"},"modified":"2021-09-11T19:15:36","modified_gmt":"2021-09-11T18:15:36","slug":"nouveaux-ateliers-saison-21-22","status":"publish","type":"post","link":"http:\/\/theatralis.org\/?p=1148","title":{"rendered":"Nouveaux ateliers Saison 21-22"},"content":{"rendered":"\n<div class=\"wp-block-image\"><figure class=\"alignleft is-resized\"><img src=\"https:\/\/theatralis.org\/wp-content\/uploads\/2021\/09\/ATELIER-ENFANTS-21-22.png\" alt=\"\" class=\"wp-image-1152\" width=\"388\" height=\"557\" srcset=\"http:\/\/theatralis.org\/wp-content\/uploads\/2021\/09\/ATELIER-ENFANTS-21-22.png 526w, http:\/\/theatralis.org\/wp-content\/uploads\/2021\/09\/ATELIER-ENFANTS-21-22-209x300.png 209w\" sizes=\"(max-width: 388px) 100vw, 388px\" \/><\/figure><\/div>\n\n\n\n<figure class=\"wp-block-image is-resized\"><img src=\"https:\/\/theatralis.org\/wp-content\/uploads\/2021\/09\/ATELIERS-ADO-21-22-1.jpg\" alt=\"\" class=\"wp-image-1154\" width=\"406\" height=\"337\" srcset=\"http:\/\/theatralis.org\/wp-content\/uploads\/2021\/09\/ATELIERS-ADO-21-22-1.jpg 710w, http:\/\/theatralis.org\/wp-content\/uploads\/2021\/09\/ATELIERS-ADO-21-22-1-600x498.jpg 600w, http:\/\/theatralis.org\/wp-content\/uploads\/2021\/09\/ATELIERS-ADO-21-22-1-300x249.jpg 300w, http:\/\/theatralis.org\/wp-content\/uploads\/2021\/09\/ATELIERS-ADO-21-22-1-558x463.jpg 558w, http:\/\/theatralis.org\/wp-content\/uploads\/2021\/09\/ATELIERS-ADO-21-22-1-655x543.jpg 655w\" sizes=\"(max-width: 406px) 100vw, 406px\" \/><figcaption> <br><br>Proposition d\u2019ateliers th\u00e9\u00e2tre de l\u2019association Theatralis<br>Ann\u00e9e scolaire 2021-2022<br><br><br>Lieu: \u00a0 <strong><em>In Impetus\u00a0<\/em><\/strong><br>Rua de Campolide, 27A\u00a0<br>1070-026 Lisboa\u00a0<br><br>Horaire : Un atelier par semaine sur le temps de l\u2019ann\u00e9e scolaire<br>Les activit\u00e9s se d\u00e9rouleront le mercredi apr\u00e8s-midi<br>14h \u00e0 15h\u00a0 \u00a0 Enfants de 7 \u00e0 11 ans\u00a0<br>15h30 \u00e0 17h \u00a0 Adolescents de 11 \u00e0 17 ans<br><br>Pourquoi le th\u00e9\u00e2tre?\u00a0<br><strong>Pour \u00eatre bien avec soi-m\u00eame, son corps, sa voix, ses \u00e9motions et am\u00e9liorer son rapport \u00e0 l\u2019Autre.<\/strong>\u00a0<br>Pourquoi un atelier bilingue?\u00a0<br><strong>Pour apprendre le fran\u00e7ais autrement. Pour apprendre le fran\u00e7ais en s\u2019amusant.\u00a0<\/strong><br>Chez les plus jeunes, le langage corporel et \u00e9motionnel est tr\u00e8s important dans l\u2019acquisition des r\u00e9flexes langagiers. Le travail d\u2019articulation, de r\u00e9p\u00e9tition est mieux v\u00e9cu par les \u00e9l\u00e8ves car il a une autre finalit\u00e9 que l\u2019apprentissage. L\u2019ensemble des exercices est ainsi destin\u00e9 au perfectionnement du jeu d\u2019acteur et passe par une mise en situation \u00e9motionnelle, ce qui permet d\u2019ancrer les savoirs dans la pratique.<br><br>Modalit\u00e9s de fonctionnement :<br>L&rsquo;atelier bilingue sera anim\u00e9 par Jean-Denis Monory, acteur et metteur en sc\u00e8ne, Agn\u00e8s Lacroix et Linda Mesnel, professeurs de Lettres et FLE.<br>Nous vous laissons d\u00e9couvrir l\u2019association et nos partenariats sur notre site <a href=\"http:\/\/theatralis.org\/\">http:\/\/theatralis.org\/<\/a><br><br>Les cours hebdomadaires annuels donneront lieu \u00e0 la mise en sc\u00e8ne d\u2019un spectacle, jou\u00e9 devant public au mois de juin.<br><br>Tarif \u00a0:\u00a0 \u00a0 Enfants de 7 \u00e0 11 ans 120 euros \/ trimestre<br>\u00a0\u00a0\u00a0Adolescents de 11 \u00e0 17 ans 180 euros \/ trimestre<br>\u00a0\u00a0\u00a0\u00a0 Nous avons h\u00e2te de vous retrouver pour cette aventure th\u00e9\u00e2trale.\u00a0<br>L\u2019\u00e9quipe de Theatralis\u00a0<br>Agn\u00e8s Lacroix\u00a0<br>Linda Mesnel\u00a0<br><br><strong>Theatralis, Teatro e francofonia em Portugal<\/strong>-Rua dos Navegantes 32, andar 4\u00b0 1200-732 Lisboa &#8211; NIF : 515445061 <br> <\/figcaption><\/figure>\n","protected":false},"excerpt":{"rendered":"Proposition d\u2019ateliers th\u00e9\u00e2tre de l\u2019association TheatralisAnn\u00e9e scolaire 2021-2022Lieu: \u00a0 In Impetus\u00a0Rua de Campolide, 27A\u00a01070-026 Lisboa\u00a0Horaire : Un atelier par semaine sur le temps de l\u2019ann\u00e9e scolaireLes activit\u00e9s se d\u00e9rouleront le mercredi apr\u00e8s-midi14h \u00e0 15h\u00a0 \u00a0 Enfants de 7 \u00e0 11 ans\u00a015h30 \u00e0 17h \u00a0 Adolescents de 11 \u00e0 17 ansPourquoi le th\u00e9\u00e2tre?\u00a0Pour \u00eatre bien avec&hellip;","protected":false},"author":1,"featured_media":0,"comment_status":"open","ping_status":"open","sticky":false,"template":"","format":"standard","meta":[],"categories":[1],"tags":[],"acf":[],"jetpack_featured_media_url":"","_links":{"self":[{"href":"http:\/\/theatralis.org\/index.php?rest_route=\/wp\/v2\/posts\/1148"}],"collection":[{"href":"http:\/\/theatralis.org\/index.php?rest_route=\/wp\/v2\/posts"}],"about":[{"href":"http:\/\/theatralis.org\/index.php?rest_route=\/wp\/v2\/types\/post"}],"author":[{"embeddable":true,"href":"http:\/\/theatralis.org\/index.php?rest_route=\/wp\/v2\/users\/1"}],"replies":[{"embeddable":true,"href":"http:\/\/theatralis.org\/index.php?rest_route=%2Fwp%2Fv2%2Fcomments&post=1148"}],"version-history":[{"count":4,"href":"http:\/\/theatralis.org\/index.php?rest_route=\/wp\/v2\/posts\/1148\/revisions"}],"predecessor-version":[{"id":1157,"href":"http:\/\/theatralis.org\/index.php?rest_route=\/wp\/v2\/posts\/1148\/revisions\/1157"}],"wp:attachment":[{"href":"http:\/\/theatralis.org\/index.php?rest_route=%2Fwp%2Fv2%2Fmedia&parent=1148"}],"wp:term":[{"taxonomy":"category","embeddable":true,"href":"http:\/\/theatralis.org\/index.php?rest_route=%2Fwp%2Fv2%2Fcategories&post=1148"},{"taxonomy":"post_tag","embeddable":true,"href":"http:\/\/theatralis.org\/index.php?rest_route=%2Fwp%2Fv2%2Ftags&post=1148"}],"curies":[{"name":"wp","href":"https:\/\/api.w.org\/{rel}","templated":true}]}}